{"id":200,"date":"2021-01-24T19:10:29","date_gmt":"2021-01-24T19:10:29","guid":{"rendered":"https:\/\/ucach.mx\/?p=200"},"modified":"2021-01-24T20:36:31","modified_gmt":"2021-01-24T20:36:31","slug":"pbro-mtro-felipe-ruiz-perez-nuevo-rector-de-la-ucach","status":"publish","type":"post","link":"https:\/\/ucach.mx\/index.php\/pbro-mtro-felipe-ruiz-perez-nuevo-rector-de-la-ucach\/","title":{"rendered":"Pbro. Mtro. Felipe Ruiz P\u00e9rez, nuevo Rector de la Ucach"},"content":{"rendered":"<p>[et_pb_section fb_built=\u00bb1&#8243; _builder_version=\u00bb4.8.1&#8243; _module_preset=\u00bbdefault\u00bb][et_pb_row _builder_version=\u00bb4.8.1&#8243; _module_preset=\u00bbdefault\u00bb hover_enabled=\u00bb0&#8243; sticky_enabled=\u00bb0&#8243;][et_pb_column type=\u00bb4_4&#8243; _builder_version=\u00bb4.8.1&#8243; _module_preset=\u00bbdefault\u00bb hover_enabled=\u00bb0&#8243; sticky_enabled=\u00bb0&#8243;][et_pb_text _builder_version=\u00bb4.8.1&#8243; _module_preset=\u00bbdefault\u00bb hover_enabled=\u00bb0&#8243; sticky_enabled=\u00bb0&#8243;]<\/p>\n<p style=\"font-weight: 400;\">Con la presencia del Gran Canciller de la Universidad Cat\u00f3lica Juan Pablo II, Mons. Fabio Mart\u00ednez Castilla, se llev\u00f3 a cabo la toma de protesta como nuevo rector al Pbro. Mtro. Felipe Ruiz P\u00e9rez, d\u00e1ndole la bienvenida a esta casa de estudios y despidiendo al ahora Obispo de la Prelatura de Huautla, Mons. Guadalupe Antonio Ru\u00edz Urqu\u00edn.<\/p>\n<p style=\"font-weight: 400;\">En el Auditorio del Seminario Menor, Mons. Urqu\u00edn agradeci\u00f3 sus 8 a\u00f1os de servicio en la casa de estudios, que fue creciendo como \u201cgrano de mostaza, incluso formando alumnos de otras confesiones de fe\u201d, y que con ayuda del Arzobispo de Tuxtla fue abri\u00e9ndose camino entre 50 universidades de la capital chiapaneca.<\/p>\n<p style=\"font-weight: 400;\">Mons. Mart\u00ednez Castilla, tom\u00f3 protesta del nuevo rector, despu\u00e9s de escuchar, de voz del Padre Felipe la profesi\u00f3n de fe, as\u00ed como su compromiso con la sociedad y con la iglesia para desempe\u00f1ar su nueva labor de la disciplina universitaria, adem\u00e1s de promover una \u201ceducaci\u00f3n centrada en el ser humano y en vista al progreso de nuestro pueblo\u201d.<\/p>\n<p style=\"font-weight: 400;\">Ruiz P\u00e9rez, agradeci\u00f3, primeramente, a Dios por la nueva encomienda que le da; a los Obispos presentes, por la confianza depositada en el para realizar dicha labor; al equipo de trabajo, para continuar con las actividades que hacen en la casa de estudios y darle continuidad al mismo. Destaco la participaci\u00f3n en la iglesia en el \u00e1mbito educativo, y la responsabilidad que tienen con la sociedad, en di\u00e1logo con su contexto social.<\/p>\n<p style=\"font-weight: 400;\">\u201cSomos cristianos, con visi\u00f3n social y queremos colaborar en la plenitud humana de los seres humanos, en caminados a la eternidad. Somos cat\u00f3licos anclados a Cristo, anclados en el servicio al hombre entero y concreto, en el aqu\u00ed y ahora; es decir, su contexto sociocultural inmediato. No hay que perder de vista al ser humano, cuando hablamos de educaci\u00f3n en cualquiera de sus niveles, llevar al hombre en su segunda naturaleza, que se consigue con la formaci\u00f3n escolar, es el objetivo de nuestra acci\u00f3n universitaria, anterior de todo proyecto de modernidad y globalidad\u201d.<\/p>\n<p style=\"font-weight: 400;\">El Arzobispo de Tuxtla, felicit\u00f3 al nuevo Rector por su cargo que se le da, adem\u00e1s de recomendarle tener valent\u00eda y le invit\u00f3 a echarle ganas al proyecto que es \u201cobra de Dios\u201d trabajando con humildad y abiertos a la gracia, para crecer como comunidad; e invit\u00f3 a la universidad a ser apasionados por la verdad, por el servicio, por la dignidad de la persona y por el bien del pueblo chiapaneco.<\/p>\n<p style=\"font-weight: 400;\">El nuevo rector, Pbro. Mtro. Felipe Ruiz P\u00e9rez, es licenciado en filosof\u00eda, egresado del Instituto de Estudios Superiores \u201cTom\u00e1s de Aquino\u201d; con licenciatura can\u00f3nica en filosof\u00eda, egresando del Ateneo Pontificio Regina Apostolorum; Maestro en competencias educativas por la Universidad Valle de M\u00e9xico. Fue docente y formador sacerdotal en el Seminario Teologado, adem\u00e1s de ser asesor diocesano de Renovaci\u00f3n Carism\u00e1tica Cat\u00f3lica en el Esp\u00edritu Santo; responsable de la Casa Sacerdotal y del Santuario San Juan Pablo II; y actualmente, es canciller secretario de la Arquidi\u00f3cesis de Tuxtla.<\/p>\n<p>[\/et_pb_text][\/et_pb_column][\/et_pb_row][\/et_pb_section]<\/p>\n","protected":false},"excerpt":{"rendered":"<p>Con la presencia del Gran Canciller de la Universidad Cat\u00f3lica Juan Pablo II, Mons. Fabio Mart\u00ednez Castilla, se llev\u00f3 a cabo la toma de protesta como nuevo rector al Pbro. Mtro. Felipe Ruiz P\u00e9rez, d\u00e1ndole la bienvenida a esta casa de estudios y despidiendo al ahora Obispo de la Prelatura de Huautla, Mons. Guadalupe Antonio Ru\u00edz Urqu\u00edn.<\/p>\n","protected":false},"author":1,"featured_media":138,"comment_status":"closed","ping_status":"closed","sticky":false,"template":"","format":"standard","meta":{"_et_pb_use_builder":"on","_et_pb_old_content":"","_et_gb_content_width":"","_monsterinsights_skip_tracking":false,"_monsterinsights_sitenote_active":false,"_monsterinsights_sitenote_note":"","_monsterinsights_sitenote_category":0,"_uf_show_specific_survey":0,"_uf_disable_surveys":false,"_jetpack_memberships_contains_paid_content":false,"footnotes":""},"categories":[4],"tags":[],"class_list":["post-200","post","type-post","status-publish","format-standard","has-post-thumbnail","hentry","category-rectoria"],"aioseo_notices":[],"jetpack_featured_media_url":"https:\/\/i0.wp.com\/ucach.mx\/wp-content\/uploads\/2021\/01\/IMG_2331_1.jpg?fit=916%2C642&ssl=1","jetpack_sharing_enabled":true,"_links":{"self":[{"href":"https:\/\/ucach.mx\/index.php\/wp-json\/wp\/v2\/posts\/200","targetHints":{"allow":["GET"]}}],"collection":[{"href":"https:\/\/ucach.mx\/index.php\/wp-json\/wp\/v2\/posts"}],"about":[{"href":"https:\/\/ucach.mx\/index.php\/wp-json\/wp\/v2\/types\/post"}],"author":[{"embeddable":true,"href":"https:\/\/ucach.mx\/index.php\/wp-json\/wp\/v2\/users\/1"}],"replies":[{"embeddable":true,"href":"https:\/\/ucach.mx\/index.php\/wp-json\/wp\/v2\/comments?post=200"}],"version-history":[{"count":4,"href":"https:\/\/ucach.mx\/index.php\/wp-json\/wp\/v2\/posts\/200\/revisions"}],"predecessor-version":[{"id":240,"href":"https:\/\/ucach.mx\/index.php\/wp-json\/wp\/v2\/posts\/200\/revisions\/240"}],"wp:featuredmedia":[{"embeddable":true,"href":"https:\/\/ucach.mx\/index.php\/wp-json\/wp\/v2\/media\/138"}],"wp:attachment":[{"href":"https:\/\/ucach.mx\/index.php\/wp-json\/wp\/v2\/media?parent=200"}],"wp:term":[{"taxonomy":"category","embeddable":true,"href":"https:\/\/ucach.mx\/index.php\/wp-json\/wp\/v2\/categories?post=200"},{"taxonomy":"post_tag","embeddable":true,"href":"https:\/\/ucach.mx\/index.php\/wp-json\/wp\/v2\/tags?post=200"}],"curies":[{"name":"wp","href":"https:\/\/api.w.org\/{rel}","templated":true}]}}