{"id":208,"date":"2021-01-24T19:42:50","date_gmt":"2021-01-24T19:42:50","guid":{"rendered":"https:\/\/ucach.mx\/?p=208"},"modified":"2021-01-24T20:32:32","modified_gmt":"2021-01-24T20:32:32","slug":"nombramiento-obispo-de-la-prelatura-de-huautla-pbro-guadalupe-antonio-ruiz-urquin","status":"publish","type":"post","link":"https:\/\/ucach.mx\/index.php\/nombramiento-obispo-de-la-prelatura-de-huautla-pbro-guadalupe-antonio-ruiz-urquin\/","title":{"rendered":"Nombramiento Obispo de la Prelatura de Huautla, Pbro. Guadalupe Antonio Ru\u00edz Urqu\u00edn"},"content":{"rendered":"\n[et_pb_section fb_built=\u00bb1&#8243; _builder_version=\u00bb4.8.1&#8243; _module_preset=\u00bbdefault\u00bb][et_pb_row _builder_version=\u00bb4.8.1&#8243; _module_preset=\u00bbdefault\u00bb hover_enabled=\u00bb0&#8243; sticky_enabled=\u00bb0&#8243;][et_pb_column type=\u00bb4_4&#8243; _builder_version=\u00bb4.8.1&#8243; _module_preset=\u00bbdefault\u00bb][et_pb_text _builder_version=\u00bb4.8.1&#8243; _module_preset=\u00bbdefault\u00bb hover_enabled=\u00bb0&#8243; sticky_enabled=\u00bb0&#8243;]<p><span class=\"s1\">La Nunciatura Apost\u00f3lica comunica a trav\u00e9s de la Secretar\u00eda General de la Conferencia del Episcopado Mexicano, que su Santidad Francisco se ha dignado nombrar Obispo de la Prelatura de Huautla, al\u00a0<span>Pbro. Guadalupe Antonio RU\u00cdZ URQU\u00cdN<\/span>, perteneciente al clero de la Arquidi\u00f3cesis de Tuxtla Guti\u00e9rrez, al presente Rector de la Universidad Cat\u00f3lica de Chiapas, Juan Pablo II.<\/span><\/p>\n<p><span class=\"s1\">Dicha noticia ha sido publicada en\u00a0<em>L\u2019Osservatore Romano<\/em>\u00a0el d\u00eda de hoy 27 de junio, del presente a\u00f1o a medio d\u00eda tiempo de Roma.<\/span><\/p>\n<p><span class=\"s1\">Nos unimos en alegr\u00eda y oraci\u00f3n con la Iglesia que peregrina en la Prelatura de Huautla y deseamos a\u00a0<span>Mons.<\/span>\u00a0<span>Guadalupe Antonio RU\u00cdZ URQU\u00cdN<\/span>\u00a0un fecundo desempe\u00f1o en su encomienda Episcopal que el Se\u00f1or le ha confiado.<span class=\"Apple-converted-space\">\u00a0<\/span><\/span><\/p>\n<p><span class=\"s1\">\u00a0<\/span><\/p>\n<p><span><span class=\"s2\">\u2720<\/span><span class=\"s3\">\u00a0Alfonso G. Miranda Guardiola<\/span><\/span><\/p>\n<p><span class=\"s3\">Obispo Auxiliar de Monterrey<\/span><\/p>\n<p><span>\u00a0Secretario General de la Conferencia<\/span><\/p>\n<p><span>\u00a0del Episcopado Mexicano<\/span><\/p>\n<p><span><\/span><\/p>\n<ul class=\"ul1\">\n<li class=\"li12\"><span class=\"s1\">21 de abril de 1971, mi nacimiento en Tapilula, Chiapas, M\u00e9xico.<\/span><\/li>\n<li class=\"li13\"><span class=\"s1\">1976 \u2014 1982, Estudios de Primaria, en Tapilula.<\/span><\/li>\n<li class=\"li13\"><span class=\"s1\">1982 \u2014 1985, Secundaria en Tapilula.<\/span><\/li>\n<li class=\"li13\"><span><span class=\"s1\">1985 &#8211; 1988,\u00a0<\/span><span class=\"s3\">Seminario Menor<\/span><span class=\"s1\">, preparatoria de la Di\u00f3cesis de Tuxtla Guti\u00e9rrez, Chiapas.<\/span><\/span><\/li>\n<li class=\"li13\"><span><span class=\"s1\">1988 \u2014 1991,\u00a0<\/span><span class=\"s3\">Seminario Mayor,<\/span><span class=\"s1\">\u00a0Curso Proped\u00e9utico y Filosof\u00eda, en la Di\u00f3cesis de San Juan de los Lagos, Jalisco.<\/span><\/span><\/li>\n<li class=\"li13\"><span class=\"s1\">1991 1992, A\u00f1o de Servicio Pastoral, en el Seminario Mayor de Tuxtla, asesor de Filosof\u00eda.<\/span><\/li>\n<li class=\"li13\"><span class=\"s1\">1992 \u2014 1996, Formaci\u00f3n Teol\u00f3gica, en el Seminario de Tuxtla<\/span><\/li>\n<li class=\"li13\"><span class=\"s1\">11 de febrero de 1996, Ordenaci\u00f3n Diaconal, en el Seminario de Tuxtla.<\/span><\/li>\n<li class=\"li13\"><span class=\"s1\">19 de marzo de 1997, Ordenaci\u00f3n presbiteral, en su tierra natal, Tapilula, Chiapas.<\/span><\/li>\n<li class=\"li13\"><span class=\"s1\">1996 \u2014 1998, Secretario de la Vicaria de Pastoral de la Di\u00f3cesis.<\/span><\/li>\n<li class=\"li13\"><span class=\"s1\">1996 \u2014 1998, Encargado del Semanario Cat\u00f3lico (Peri\u00f3dico diocesano).<\/span><\/li>\n<li class=\"li13\"><span class=\"s1\">1998 \u2014 1999, Prefecto del Seminario Menor.<\/span><\/li>\n<li class=\"li13\"><span class=\"s1\">1997 \u2014 2000, Profesor del Seminario Mayor de la Arquidi\u00f3cesis; Filosof\u00eda, M\u00e9todo Teol\u00f3gico y Escatolog\u00eda.<\/span><\/li>\n<li class=\"li13\"><span class=\"s1\">2000-2001, Licenciatura Can\u00f3nica en Teolog\u00eda y Formaci\u00f3n Sacerdotal, en la Universidad Pontificia Bolivariana de Medell\u00edn, Colombia y el ITEPAL.<\/span><\/li>\n<li class=\"li13\"><span class=\"s1\">2002-2008, Rector del Seminario Mayor y Menor de la Di\u00f3cesis.<\/span><\/li>\n<li class=\"li13\"><span class=\"s1\">2002-2008, Miembro del consejo presbiteral y miembro del colegio de consultores.<\/span><\/li>\n<li class=\"li13\"><span class=\"s1\">2002\u20142008, Profesor del Seminario: Sagrada Escritura, Teolog\u00eda Fundamental, Cristolog\u00eda, Eclesiolog\u00eda, Antropolog\u00eda Teol\u00f3gica, Mariolog\u00eda, Escatolog\u00eda y Filosof\u00eda.<\/span><\/li>\n<li class=\"li13\"><span class=\"s1\">2008 2011, Doctorado en Teolog\u00eda Sistem\u00e1tica, en la Universidad Pontificia Lateranense de Roma, Italia.<\/span><\/li>\n<li class=\"li13\"><span class=\"s1\">2012, Administrador Parroquial, Parroquia de Nuestra Se\u00f1ora de Rosario y San Mart\u00edn de Porres en Tuxtla.<\/span><\/li>\n<li class=\"li13\"><span class=\"s1\">2012 \u2014 2020, Profesor en el Seminario de Cristolog\u00eda, Eclesiolog\u00eda, Antropolog\u00eda Teol\u00f3gica, Mariolog\u00eda y Filosof\u00eda.<\/span><\/li>\n<li class=\"li13\"><span class=\"s1\">2012 \u2014 2019, Capell\u00e1n de la Rector\u00eda de San Judas Tadeo en Tuxtla<\/span><\/li>\n<li class=\"li13\"><span class=\"s1\">2012 \u2014 2020, Rector de la Universidad Cat\u00f3lica Juan Pablo II de la Arquidi\u00f3cesis y Profesor de posgrados (maestr\u00eda y doctorado en Ciencias de la Educaci\u00f3n),<\/span><\/li>\n<li class=\"li12\"><span class=\"s1\">2019 \u2014 2020, Adscrito a Catedral de San Marcos de la Arquidi\u00f3cesis<\/span><\/li>\n<li class=\"li12\"><span class=\"s1\">2019 \u2014 2020, Coordinador de la Pastoral Sacerdotal del Presbiterio de Tuxtla<\/span><\/li>\n<li class=\"li12\"><span class=\"s1\">2019 \u2014 2020 Censor Eclesi\u00e1stico de la Arquidi\u00f3cesis de Tuxtla<\/span><\/li>\n<li class=\"li12\"><span class=\"s1\">El 27 de junio del 2020 nombrado por su SS. El Papa Francisco Obispo Prelado de la Prelatura de Huautla.<\/span><\/li>\n<\/ul>\n[\/et_pb_text][\/et_pb_column][\/et_pb_row][\/et_pb_section]\n","protected":false},"excerpt":{"rendered":"<p>La Nunciatura Apost\u00f3lica comunica a trav\u00e9s de la Secretar\u00eda General de la Conferencia del Episcopado Mexicano, que su Santidad Francisco se ha dignado nombrar Obispo de la Prelatura de Huautla, al Pbro. Guadalupe Antonio RU\u00cdZ URQU\u00cdN, perteneciente al clero de la Arquidi\u00f3cesis de Tuxtla Guti\u00e9rrez, al presente Rector de la Universidad Cat\u00f3lica de Chiapas, Juan Pablo II.<\/p>\n","protected":false},"author":1,"featured_media":40,"comment_status":"closed","ping_status":"closed","sticky":false,"template":"","format":"standard","meta":{"_et_pb_use_builder":"on","_et_pb_old_content":"","_et_gb_content_width":"","_monsterinsights_skip_tracking":false,"_monsterinsights_sitenote_active":false,"_monsterinsights_sitenote_note":"","_monsterinsights_sitenote_category":0,"_uf_show_specific_survey":0,"_uf_disable_surveys":false,"_jetpack_memberships_contains_paid_content":false,"footnotes":""},"categories":[4],"tags":[],"class_list":["post-208","post","type-post","status-publish","format-standard","has-post-thumbnail","hentry","category-rectoria"],"aioseo_notices":[],"jetpack_featured_media_url":"https:\/\/i0.wp.com\/ucach.mx\/wp-content\/uploads\/2021\/01\/Nombramiento.jpg?fit=1349%2C700&ssl=1","jetpack_sharing_enabled":true,"_links":{"self":[{"href":"https:\/\/ucach.mx\/index.php\/wp-json\/wp\/v2\/posts\/208","targetHints":{"allow":["GET"]}}],"collection":[{"href":"https:\/\/ucach.mx\/index.php\/wp-json\/wp\/v2\/posts"}],"about":[{"href":"https:\/\/ucach.mx\/index.php\/wp-json\/wp\/v2\/types\/post"}],"author":[{"embeddable":true,"href":"https:\/\/ucach.mx\/index.php\/wp-json\/wp\/v2\/users\/1"}],"replies":[{"embeddable":true,"href":"https:\/\/ucach.mx\/index.php\/wp-json\/wp\/v2\/comments?post=208"}],"version-history":[{"count":9,"href":"https:\/\/ucach.mx\/index.php\/wp-json\/wp\/v2\/posts\/208\/revisions"}],"predecessor-version":[{"id":236,"href":"https:\/\/ucach.mx\/index.php\/wp-json\/wp\/v2\/posts\/208\/revisions\/236"}],"wp:featuredmedia":[{"embeddable":true,"href":"https:\/\/ucach.mx\/index.php\/wp-json\/wp\/v2\/media\/40"}],"wp:attachment":[{"href":"https:\/\/ucach.mx\/index.php\/wp-json\/wp\/v2\/media?parent=208"}],"wp:term":[{"taxonomy":"category","embeddable":true,"href":"https:\/\/ucach.mx\/index.php\/wp-json\/wp\/v2\/categories?post=208"},{"taxonomy":"post_tag","embeddable":true,"href":"https:\/\/ucach.mx\/index.php\/wp-json\/wp\/v2\/tags?post=208"}],"curies":[{"name":"wp","href":"https:\/\/api.w.org\/{rel}","templated":true}]}}