{"id":223,"date":"2021-01-24T19:59:27","date_gmt":"2021-01-24T19:59:27","guid":{"rendered":"https:\/\/ucach.mx\/?p=223"},"modified":"2021-01-24T20:27:32","modified_gmt":"2021-01-24T20:27:32","slug":"la-universidad-catolica-recuerda-a-san-juan-pablo-ii-su-visita-a-chiapas","status":"publish","type":"post","link":"https:\/\/ucach.mx\/index.php\/la-universidad-catolica-recuerda-a-san-juan-pablo-ii-su-visita-a-chiapas\/","title":{"rendered":"La Universidad Cat\u00f3lica recuerda a San \u201cJuan Pablo II\u201d su visita a Chiapas"},"content":{"rendered":"<p>[et_pb_section fb_built=\u00bb1&#8243; _builder_version=\u00bb4.8.1&#8243; _module_preset=\u00bbdefault\u00bb][et_pb_row _builder_version=\u00bb4.8.1&#8243; _module_preset=\u00bbdefault\u00bb][et_pb_column _builder_version=\u00bb4.8.1&#8243; _module_preset=\u00bbdefault\u00bb type=\u00bb4_4&#8243;][et_pb_text _builder_version=\u00bb4.8.1&#8243; _module_preset=\u00bbdefault\u00bb hover_enabled=\u00bb0&#8243; sticky_enabled=\u00bb0&#8243;]<\/p>\n<p style=\"font-weight: 400;\">Este s\u00e1bado la Universidad Cat\u00f3lica celebr\u00f3 a su santo patrono, San Juan Pablo II, cuya fiesta oficial es el 22 de octubre de cada a\u00f1o. \u00a0\u00a0<\/p>\n<p style=\"font-weight: 400;\">Para recordar la visita del entonces Pont\u00edfice a tierras Chiapanecas, el 11 de mayo de 1990, la Universidad realiz\u00f3 una exposici\u00f3n fotogr\u00e1fica de su encuentro con los pueblos originarios del sur de M\u00e9xico y de Latinoam\u00e9rica. \u00a0<\/p>\n<p style=\"font-weight: 400;\">Durante la santa Misa, el doctor Guadalupe Antonio Ruiz Urqu\u00edn, rector de la Universidad, exhort\u00f3 a los alumnos a ser como san Juan Pablo II, ya que como \u00e9l \u201cdebemos orientar toda nuestra vida hacia Dios. Hay que dar fruto en donde nos encontremos laborando, estudiando o sirviendo\u201d.<\/p>\n<p style=\"font-weight: 400;\">Por su parte, el padre Salom\u00f3n Dom\u00ednguez Berm\u00fadez, doctor en Derecho felicit\u00f3 a la Comunidad Universitaria por mantener el legado y esp\u00edritu intelectual de san Juan Pablo.<\/p>\n<p style=\"font-weight: 400;\">\u201cFelicidades por iniciar el proyecto educativo de la UCACH. Una Universidad es un centro de saber, centro del conocimiento al servicio de los dem\u00e1s\u201d.<span>\u00a0<\/span>\u00a0<\/p>\n<p style=\"font-weight: 400;\">Detall\u00f3 que el pueblo de Chiapas ha tenido el privilegio de ser visitado por el ahora santo: \u201cun hombre sabio\u201d. Hagamos eco al llamado a la Oraci\u00f3n, celebraci\u00f3n, fraternidad, solidaridad y el anhelo de ser mejores hombres y mujeres para nuestra sociedad, como proclam\u00f3 San Juan Pablo II a lo largo de su pontificado.<\/p>\n<p>.<\/p>\n<p>[\/et_pb_text][\/et_pb_column][\/et_pb_row][\/et_pb_section]<\/p>\n","protected":false},"excerpt":{"rendered":"<p>Este s\u00e1bado la Universidad Cat\u00f3lica celebr\u00f3 a su santo patrono, San Juan Pablo II, cuya fiesta oficial es el 22 de octubre de cada a\u00f1o.   <\/p>\n<p>Para recordar la visita del entonces Pont\u00edfice a tierras Chiapanecas, el 11 de mayo de 1990, la Universidad realiz\u00f3 una exposici\u00f3n fotogr\u00e1fica de su encuentro con los pueblos originarios del sur de M\u00e9xico y de Latinoam\u00e9rica.  <\/p>\n","protected":false},"author":1,"featured_media":139,"comment_status":"closed","ping_status":"closed","sticky":true,"template":"","format":"standard","meta":{"_et_pb_use_builder":"on","_et_pb_old_content":"","_et_gb_content_width":"","_monsterinsights_skip_tracking":false,"_monsterinsights_sitenote_active":false,"_monsterinsights_sitenote_note":"","_monsterinsights_sitenote_category":0,"_uf_show_specific_survey":0,"_uf_disable_surveys":false,"_jetpack_memberships_contains_paid_content":false,"footnotes":""},"categories":[3],"tags":[],"class_list":["post-223","post","type-post","status-publish","format-standard","has-post-thumbnail","hentry","category-noticias"],"aioseo_notices":[],"jetpack_featured_media_url":"https:\/\/i0.wp.com\/ucach.mx\/wp-content\/uploads\/2021\/01\/Visita_San_Juan_Pablo_II_3.jpg?fit=1131%2C620&ssl=1","jetpack_sharing_enabled":true,"_links":{"self":[{"href":"https:\/\/ucach.mx\/index.php\/wp-json\/wp\/v2\/posts\/223","targetHints":{"allow":["GET"]}}],"collection":[{"href":"https:\/\/ucach.mx\/index.php\/wp-json\/wp\/v2\/posts"}],"about":[{"href":"https:\/\/ucach.mx\/index.php\/wp-json\/wp\/v2\/types\/post"}],"author":[{"embeddable":true,"href":"https:\/\/ucach.mx\/index.php\/wp-json\/wp\/v2\/users\/1"}],"replies":[{"embeddable":true,"href":"https:\/\/ucach.mx\/index.php\/wp-json\/wp\/v2\/comments?post=223"}],"version-history":[{"count":3,"href":"https:\/\/ucach.mx\/index.php\/wp-json\/wp\/v2\/posts\/223\/revisions"}],"predecessor-version":[{"id":231,"href":"https:\/\/ucach.mx\/index.php\/wp-json\/wp\/v2\/posts\/223\/revisions\/231"}],"wp:featuredmedia":[{"embeddable":true,"href":"https:\/\/ucach.mx\/index.php\/wp-json\/wp\/v2\/media\/139"}],"wp:attachment":[{"href":"https:\/\/ucach.mx\/index.php\/wp-json\/wp\/v2\/media?parent=223"}],"wp:term":[{"taxonomy":"category","embeddable":true,"href":"https:\/\/ucach.mx\/index.php\/wp-json\/wp\/v2\/categories?post=223"},{"taxonomy":"post_tag","embeddable":true,"href":"https:\/\/ucach.mx\/index.php\/wp-json\/wp\/v2\/tags?post=223"}],"curies":[{"name":"wp","href":"https:\/\/api.w.org\/{rel}","templated":true}]}}