{"id":242,"date":"2021-01-24T20:38:19","date_gmt":"2021-01-24T20:38:19","guid":{"rendered":"https:\/\/ucach.mx\/?p=242"},"modified":"2021-01-24T20:39:38","modified_gmt":"2021-01-24T20:39:38","slug":"llama-rector-de-la-ucach-a-politologos-y-abogados-a-servir-con-amor-y-profesionalismo-al-pueblo","status":"publish","type":"post","link":"https:\/\/ucach.mx\/index.php\/llama-rector-de-la-ucach-a-politologos-y-abogados-a-servir-con-amor-y-profesionalismo-al-pueblo\/","title":{"rendered":"Llama rector de la UCACH a polit\u00f3logos y abogados a servir con amor y profesionalismo al pueblo"},"content":{"rendered":"<p>[et_pb_section fb_built=\u00bb1&#8243; _builder_version=\u00bb4.8.1&#8243; _module_preset=\u00bbdefault\u00bb][et_pb_row _builder_version=\u00bb4.8.1&#8243; _module_preset=\u00bbdefault\u00bb][et_pb_column _builder_version=\u00bb4.8.1&#8243; _module_preset=\u00bbdefault\u00bb type=\u00bb4_4&#8243;][et_pb_text _builder_version=\u00bb4.8.1&#8243; _module_preset=\u00bbdefault\u00bb hover_enabled=\u00bb0&#8243; sticky_enabled=\u00bb0&#8243;]<\/p>\n<p style=\"font-weight: 400;\">Con una emotiva ceremonia de graduaci\u00f3n, desde el Cristo Glorioso de Chiapas, la U. Cat\u00f3lica \u201cJuan Pablo II\u201d celebr\u00f3 el egreso de la sexta generaci\u00f3n de licenciados en Derecho y de la tercera generaci\u00f3n de licenciados en Ciencias Pol\u00edticas. \u00a0<\/p>\n<p style=\"font-weight: 400;\">En la Misa de acci\u00f3n de gracias, el rector de la Universidad felicit\u00f3 a los nuevos profesionistas por sus esfuerzos y dedicaci\u00f3n al estudio de la ciencias jur\u00eddicas y sociopol\u00edticas.<\/p>\n<p style=\"font-weight: 400;\">Al referir el Cristo Glorioso de Chiapas como punto de partida para todo el servicio profesional de los nuevos abogados y polit\u00f3logos, el doctor Guadalupe Antonio Ruiz Urqu\u00edn, exhort\u00f3 a los j\u00f3venes a trabajar con empe\u00f1o para el bien de Tuxtla y de la Entidad.<\/p>\n<p style=\"font-weight: 400;\">\u201cLa comunidad los espera para que desgasten toda su vida en su profesi\u00f3n, para que con amor y mucho profesionalismo realicen y hagan tanto bien; en base a ello Dios premiar\u00e1 sus esfuerzos y recuerden que todo lo dem\u00e1s llegara por a\u00f1adidura\u201d, enfatiz\u00f3 el doctor Ruiz Urqu\u00edn ante las autoridades civiles y eclesi\u00e1sticas.<\/p>\n<p style=\"font-weight: 400;\">Sin olvidar a la familia, el rector tambi\u00e9n reconoci\u00f3 el acompa\u00f1amiento de los pap\u00e1s, hermanos, docentes y amigos. \u201cFelicito a los pap\u00e1s, tutores, docentes y a las autoridades educativas del Estado de Chiapas y dem\u00e1s miembros de la Universidad por hacer posible la misi\u00f3n en pro de una educaci\u00f3n sabia y prudente para nuestro pueblo\u201d.<\/p>\n<p style=\"font-weight: 400;\">La sexta generaci\u00f3n de Derecho fue apadrinado por el doctor Jos\u00e9 Alejandro Dom\u00ednguez Farrera, docente de la UCACH y la tercera generaci\u00f3n de licenciados en Ciencias Pol\u00edticas por el contador p\u00fablico Marcelo Toledo Cruz, presidente de la Junta Pol\u00edtica del H. Congreso del Estado de Chiapas.\u00a0<\/p>\n<p>[\/et_pb_text][\/et_pb_column][\/et_pb_row][\/et_pb_section]<\/p>\n","protected":false},"excerpt":{"rendered":"<p>Con una emotiva ceremonia de graduaci\u00f3n, desde el Cristo Glorioso de Chiapas, la U. Cat\u00f3lica \u201cJuan Pablo II\u201d celebr\u00f3 el egreso de la sexta generaci\u00f3n de licenciados en Derecho y de la tercera generaci\u00f3n de licenciados en Ciencias Pol\u00edticas. <\/p>\n","protected":false},"author":1,"featured_media":43,"comment_status":"closed","ping_status":"closed","sticky":false,"template":"","format":"standard","meta":{"_et_pb_use_builder":"on","_et_pb_old_content":"","_et_gb_content_width":"","_monsterinsights_skip_tracking":false,"_monsterinsights_sitenote_active":false,"_monsterinsights_sitenote_note":"","_monsterinsights_sitenote_category":0,"_uf_show_specific_survey":0,"_uf_disable_surveys":false,"_jetpack_memberships_contains_paid_content":false,"footnotes":""},"categories":[4],"tags":[],"class_list":["post-242","post","type-post","status-publish","format-standard","has-post-thumbnail","hentry","category-rectoria"],"aioseo_notices":[],"jetpack_featured_media_url":"https:\/\/i0.wp.com\/ucach.mx\/wp-content\/uploads\/2021\/01\/slide4.jpg?fit=1349%2C700&ssl=1","jetpack_sharing_enabled":true,"_links":{"self":[{"href":"https:\/\/ucach.mx\/index.php\/wp-json\/wp\/v2\/posts\/242","targetHints":{"allow":["GET"]}}],"collection":[{"href":"https:\/\/ucach.mx\/index.php\/wp-json\/wp\/v2\/posts"}],"about":[{"href":"https:\/\/ucach.mx\/index.php\/wp-json\/wp\/v2\/types\/post"}],"author":[{"embeddable":true,"href":"https:\/\/ucach.mx\/index.php\/wp-json\/wp\/v2\/users\/1"}],"replies":[{"embeddable":true,"href":"https:\/\/ucach.mx\/index.php\/wp-json\/wp\/v2\/comments?post=242"}],"version-history":[{"count":2,"href":"https:\/\/ucach.mx\/index.php\/wp-json\/wp\/v2\/posts\/242\/revisions"}],"predecessor-version":[{"id":244,"href":"https:\/\/ucach.mx\/index.php\/wp-json\/wp\/v2\/posts\/242\/revisions\/244"}],"wp:featuredmedia":[{"embeddable":true,"href":"https:\/\/ucach.mx\/index.php\/wp-json\/wp\/v2\/media\/43"}],"wp:attachment":[{"href":"https:\/\/ucach.mx\/index.php\/wp-json\/wp\/v2\/media?parent=242"}],"wp:term":[{"taxonomy":"category","embeddable":true,"href":"https:\/\/ucach.mx\/index.php\/wp-json\/wp\/v2\/categories?post=242"},{"taxonomy":"post_tag","embeddable":true,"href":"https:\/\/ucach.mx\/index.php\/wp-json\/wp\/v2\/tags?post=242"}],"curies":[{"name":"wp","href":"https:\/\/api.w.org\/{rel}","templated":true}]}}