{"id":245,"date":"2021-01-24T20:41:56","date_gmt":"2021-01-24T20:41:56","guid":{"rendered":"https:\/\/ucach.mx\/?p=245"},"modified":"2021-01-24T20:43:19","modified_gmt":"2021-01-24T20:43:19","slug":"la-ucach-una-escuela-sustentada-en-una-vision-cristiana-de-la-persona-y-de-la-realidad","status":"publish","type":"post","link":"https:\/\/ucach.mx\/index.php\/la-ucach-una-escuela-sustentada-en-una-vision-cristiana-de-la-persona-y-de-la-realidad\/","title":{"rendered":"La UCACH, una escuela sustentada en una visi\u00f3n Cristiana de la persona y de la realidad"},"content":{"rendered":"<p>[et_pb_section fb_built=\u00bb1&#8243; _builder_version=\u00bb4.8.1&#8243; _module_preset=\u00bbdefault\u00bb][et_pb_row _builder_version=\u00bb4.8.1&#8243; _module_preset=\u00bbdefault\u00bb][et_pb_column _builder_version=\u00bb4.8.1&#8243; _module_preset=\u00bbdefault\u00bb type=\u00bb4_4&#8243;][et_pb_text _builder_version=\u00bb4.8.1&#8243; _module_preset=\u00bbdefault\u00bb hover_enabled=\u00bb0&#8243; sticky_enabled=\u00bb0&#8243;]<\/p>\n<p style=\"font-weight: 400;\">La Arquidi\u00f3cesis de Tuxtla, a trav\u00e9s de la Pastoral Educativa y de la Universidad Cat\u00f3lica de Chiapas \u201cJuan Pablo II\u201d (UCACH), celebr\u00f3 que en este 2016, veinte de sus primeros alumnos concluyeron la licenciatura de Derecho, 18 maestrantes en Ciencias de Educaci\u00f3n y m\u00e1s de cien laicos el diplomado en Sagrada Teolog\u00eda.\u00a0<\/p>\n<p style=\"font-weight: 400;\">Con el acompa\u00f1amiento de monse\u00f1or Fabio Mart\u00ednez\u00a0<span>\u00a0<\/span>Castilla, arzobispo de Tuxtla y gran canciller de la Universidad, de los padres como directivos,\u00a0<span>\u00a0<\/span>destacados acad\u00e9micos, cuerpo administrativo y alumnos,\u00a0<span>\u00a0<\/span>la escuela va asumiendo con responsabilidad la tarea de la emergencia educativa que enfrenta el pa\u00eds y sobre todo la entidad chiapaneca.\u00a0<\/p>\n<p style=\"font-weight: 400;\">En su \u00faltimo arribo a Chiapas, en julio de 2015, el entonces nuncio apost\u00f3lico de M\u00e9xico, monse\u00f1or Crhistophe Pierre, refiri\u00f3 que \u201cla educaci\u00f3n no es s\u00f3lo la escuela, es sobre todo y ante todo un conjunto de personas. Las grandes obras siempre empiezan peque\u00f1as, porque necesitamos hacer cosas serias, fundaciones s\u00f3lidas\u201d, se\u00f1al\u00f3 el representante del papa Francisco, al recordar que en el a\u00f1o de 2012 fue testigo del nacimiento de la UCACH.\u00a0<\/p>\n<p style=\"font-weight: 400;\">Actualmente la Universidad se prepara para ofrecer otras\u00a0<span>\u00a0<\/span>licenciaturas y maestr\u00edas con programas innovadores con atrevimientos a la apertura del cocimiento global y posmoderno, en las l\u00edneas de formaci\u00f3n filos\u00f3fico-cient\u00edfico-religioso, tal como lo proyect\u00f3 su fundador, monse\u00f1or Rogelio Cabrera L\u00f3pez,\u00a0<span>\u00a0<\/span>primer arzobispo de Tuxtla y hoy de Monterrey, Nuevo Le\u00f3n.<span>\u00a0<\/span>\u00a0\u00a0<\/p>\n<p style=\"font-weight: 400;\">\u201cSe pretende desde la perspectiva educativa ayudar y acompa\u00f1ar a j\u00f3venes, hombres y mujeres a un formaci\u00f3n integral e integradora\u201d, enfatiz\u00f3 el rector de la UCACH, presb\u00edtero y doctor en teolog\u00eda sistem\u00e1tica, Guadalupe Antonio Ruiz<span>\u00a0<\/span>\u00a0Urquin.<\/p>\n<p style=\"font-weight: 400;\">Tras el anuncio que\u00a0<span>\u00a0<\/span>realiz\u00f3 la UCACH de la obtenci\u00f3n del reconcomiendo a nivel nacional por la Secretar\u00eda de Educaci\u00f3n, con la clave 070314, a trav\u00e9s de sus redes sociales recibi\u00f3 decenas de buenos comentaros y felicitaciones.<\/p>\n<p style=\"font-weight: 400;\">Actualmente, el rector acad\u00e9mico de la UCACH es el padre Antonio Jos\u00e9 Anza, con grado acad\u00e9mico de maestro en Filosof\u00eda y maestrante en Ciencias de la Educaci\u00f3n y el cargo como director de Servicios Escolares y de Posgrado, lo ocupa el padre Hugo Armando \u00c1lvarez Herrera, con grado de doctor en Ciencias de la Educaci\u00f3n.\u00a0<\/p>\n<p style=\"font-weight: 400;\">En su informe anual, el maestro Eliceo\u00a0<span>\u00a0<\/span>Gonz\u00e1lez Urqu\u00edn, secretario general,\u00a0<span>\u00a0<\/span>indic\u00f3 que el 80 por ciento del cuerpo acad\u00e9mico cuenta con un posgrado, adem\u00e1s son catedr\u00e1ticos de alto prestigio y calidad humana. Apunt\u00f3 que el aprovechamiento general de los alumnos se mantiene con buenos resultados. Y como instituci\u00f3n, se cuenta con convenios interinstitucionales con la secretar\u00eda de Educaci\u00f3n en Chiapas, con el H. Ayuntamiento de Tuxtla Guti\u00e9rrez, Veniforas S.C., Caritas Tuxtla, entre otras instituciones.<\/p>\n<p style=\"font-weight: 400;\">Con los logros hasta ahora alcanzados por la UCACH, puntualiz\u00f3 el padre Ruiz Urquin que la universidad, adem\u00e1s de tener como baluarte los valores humanos, \u201cest\u00e1 sustentada en una visi\u00f3n Cristiana de la persona y de la realidad. Es una universidad con apertura de pensamientos y credos\u201d.<\/p>\n<p style=\"font-weight: 400;\">La universidad se prepara\u00a0<span>\u00a0<\/span>para iniciar el nuevo curso el 7 de enero de 2017, por lo que invita a quienes deseen cursar la maestr\u00eda en educaci\u00f3n, la carrera de ciencias\u00a0<span>\u00a0<\/span>pol\u00edticas y derecho, o el diplomado en Teolog\u00eda, acceder a la p\u00e1gina electr\u00f3nica ucach.mx o pedir informes al tel\u00e9fono 961-6111785 y en atenci\u00f3n personalizada en calle Uruguay, n\u00famero 500, en la colonia El Retiro. Las clases son los s\u00e1bados de 8:00 a 3:00 de la tarde.<\/p>\n<p style=\"font-weight: 400;\"><b><strong>Destacados<\/strong><\/b><\/p>\n<p style=\"font-weight: 400;\">La Universidad Cat\u00f3lica de Chiapas Juan Pablo II, es una Instituci\u00f3n para hombres y mujeres con deseos de superaci\u00f3n y grandes expectativas en la vida. Es la primera Universidad del sureste de M\u00e9xico que ofrece a los estudiantes la posibilidad de formarse cient\u00edficamente desde una visi\u00f3n cat\u00f3lica, para contribuir en el desarrollo humano y espiritual que pretende desde la perspectiva educativa ayudar y acompa\u00f1ar a una formaci\u00f3n integral.<\/p>\n<p style=\"font-weight: 400;\">\n<p style=\"font-weight: 400;\"><b><strong>Misi\u00f3n<\/strong><\/b><\/p>\n<p style=\"font-weight: 400;\">Promover profesionales con una educaci\u00f3n integral, es decir, conocimientos acad\u00e9micos, valores y virtudes a fin de que sean capaces de insertarse en la realidad actual con sus desaf\u00edos de discernirla\/interpretarla para responder a las inquietudes del hombre hoy con propuestas creativas, claras y definidas, que iluminen a su vez los procesos de transformaci\u00f3n de la realidad estatal y nacional. Promover a la persona desde una visi\u00f3n integradora de la persona. Promover una cultura cristiana.<\/p>\n<p>[\/et_pb_text][\/et_pb_column][\/et_pb_row][\/et_pb_section]<\/p>\n","protected":false},"excerpt":{"rendered":"<p>La Arquidi\u00f3cesis de Tuxtla, a trav\u00e9s de la Pastoral Educativa y de la Universidad Cat\u00f3lica de Chiapas \u201cJuan Pablo II\u201d (UCACH), celebr\u00f3 que en este 2019, veinte de sus primeros alumnos concluyeron la licenciatura de Derecho, 18 maestrantes en Ciencias de Educaci\u00f3n y m\u00e1s de cien laicos el diplomado en Sagrada Teolog\u00eda. <\/p>\n","protected":false},"author":1,"featured_media":39,"comment_status":"closed","ping_status":"closed","sticky":false,"template":"","format":"standard","meta":{"_et_pb_use_builder":"on","_et_pb_old_content":"","_et_gb_content_width":"","_monsterinsights_skip_tracking":false,"_monsterinsights_sitenote_active":false,"_monsterinsights_sitenote_note":"","_monsterinsights_sitenote_category":0,"_uf_show_specific_survey":0,"_uf_disable_surveys":false,"_jetpack_memberships_contains_paid_content":false,"footnotes":""},"categories":[3],"tags":[],"class_list":["post-245","post","type-post","status-publish","format-standard","has-post-thumbnail","hentry","category-noticias"],"aioseo_notices":[],"jetpack_featured_media_url":"https:\/\/i0.wp.com\/ucach.mx\/wp-content\/uploads\/2021\/01\/slide3.jpg?fit=1349%2C700&ssl=1","jetpack_sharing_enabled":true,"_links":{"self":[{"href":"https:\/\/ucach.mx\/index.php\/wp-json\/wp\/v2\/posts\/245","targetHints":{"allow":["GET"]}}],"collection":[{"href":"https:\/\/ucach.mx\/index.php\/wp-json\/wp\/v2\/posts"}],"about":[{"href":"https:\/\/ucach.mx\/index.php\/wp-json\/wp\/v2\/types\/post"}],"author":[{"embeddable":true,"href":"https:\/\/ucach.mx\/index.php\/wp-json\/wp\/v2\/users\/1"}],"replies":[{"embeddable":true,"href":"https:\/\/ucach.mx\/index.php\/wp-json\/wp\/v2\/comments?post=245"}],"version-history":[{"count":2,"href":"https:\/\/ucach.mx\/index.php\/wp-json\/wp\/v2\/posts\/245\/revisions"}],"predecessor-version":[{"id":247,"href":"https:\/\/ucach.mx\/index.php\/wp-json\/wp\/v2\/posts\/245\/revisions\/247"}],"wp:featuredmedia":[{"embeddable":true,"href":"https:\/\/ucach.mx\/index.php\/wp-json\/wp\/v2\/media\/39"}],"wp:attachment":[{"href":"https:\/\/ucach.mx\/index.php\/wp-json\/wp\/v2\/media?parent=245"}],"wp:term":[{"taxonomy":"category","embeddable":true,"href":"https:\/\/ucach.mx\/index.php\/wp-json\/wp\/v2\/categories?post=245"},{"taxonomy":"post_tag","embeddable":true,"href":"https:\/\/ucach.mx\/index.php\/wp-json\/wp\/v2\/tags?post=245"}],"curies":[{"name":"wp","href":"https:\/\/api.w.org\/{rel}","templated":true}]}}